{"id":19993,"date":"2023-12-22T14:05:50","date_gmt":"2023-12-22T13:05:50","guid":{"rendered":"https:\/\/weblog.wur.nl\/studiekeuzekind\/?p=19993"},"modified":"2023-12-22T14:06:38","modified_gmt":"2023-12-22T13:06:38","slug":"hoe-leer-ik-het-beste","status":"publish","type":"post","link":"https:\/\/weblog.wur.nl\/studiekeuzekind\/hoe-leer-ik-het-beste\/","title":{"rendered":"Hoe leer ik het beste?"},"content":{"rendered":"<p>Als ik Amy van der Plas ontmoet is zij 26 jaar. Ze doet een mbo opleiding. Best een klus, een opleiding als je al even niet naar school bent geweest. Ik vroeg haar hoe ze haar studiekeuze heeft gemaakt. <em>&#8216;Ik vroeg me af&#8230; hoe leer ik het beste?<\/em>&#8216;, zegt ze. <em>&#8216;En toen kwam ik op deze school uit&#8217;.<\/em><\/p>\n<div id=\"attachment_20005\" style=\"width: 235px\" class=\"wp-caption aligncenter\"><a href=\"https:\/\/weblog.wur.nl\/studiekeuzekind\/wp-content\/uploads\/sites\/9\/2023\/12\/amy2-scaled.jpg\"><img loading=\"lazy\" decoding=\"async\" aria-describedby=\"caption-attachment-20005\" class=\"size-medium wp-image-20005\" src=\"https:\/\/weblog.wur.nl\/studiekeuzekind\/wp-content\/uploads\/sites\/9\/2023\/12\/amy2-225x300.jpg\" alt=\"\" width=\"225\" height=\"300\" srcset=\"https:\/\/weblog.wur.nl\/studiekeuzekind\/wp-content\/uploads\/sites\/9\/2023\/12\/amy2-225x300.jpg 225w, https:\/\/weblog.wur.nl\/studiekeuzekind\/wp-content\/uploads\/sites\/9\/2023\/12\/amy2-768x1024.jpg 768w, https:\/\/weblog.wur.nl\/studiekeuzekind\/wp-content\/uploads\/sites\/9\/2023\/12\/amy2-1152x1536.jpg 1152w, https:\/\/weblog.wur.nl\/studiekeuzekind\/wp-content\/uploads\/sites\/9\/2023\/12\/amy2-1536x2048.jpg 1536w, https:\/\/weblog.wur.nl\/studiekeuzekind\/wp-content\/uploads\/sites\/9\/2023\/12\/amy2-640x853.jpg 640w, https:\/\/weblog.wur.nl\/studiekeuzekind\/wp-content\/uploads\/sites\/9\/2023\/12\/amy2-150x200.jpg 150w, https:\/\/weblog.wur.nl\/studiekeuzekind\/wp-content\/uploads\/sites\/9\/2023\/12\/amy2-scaled.jpg 1920w\" sizes=\"auto, (max-width: 225px) 100vw, 225px\" \/><\/a><p id=\"caption-attachment-20005\" class=\"wp-caption-text\">Amy van der Plas<\/p><\/div>\n<p><!--more--><\/p>\n<h2>Hoe leer ik het beste?<\/h2>\n<p>Als je nadenkt over je toekomstige studie vraag je je natuurlijk af&#8230; Wat wil ik studeren? Maar er zijn nog een hoop meer vragen die je jezelf moet stellen. Een hele belangrijke vraag heeft Amy zichzelf gesteld: <em>&#8216;Hoe leer ik het beste?&#8217; <\/em>Want iedereen leert weer op een andere manier. De een doet het liefst een fulltime studie met veel lesuren, de ander doet liever meer zelfstudie.<br \/>\nDat heeft te maken met de manier waarop je van jezelf weet dat je het beste leert. Maar het heeft ook te maken met andere zaken. Combineer je een studie met werken of een gezin? Wil je in een klas zitten met jongeren of liever in een klas met mensen die al wat ouder zijn? Allemaal dingen om mee te nemen.<\/p>\n<h2>Verkorte mbo opleiding<\/h2>\n<p><em>&#8216;Ik doe de opleiding <a href=\"https:\/\/www.capabel.nl\/opleidingen\/zorg-welzijn\/mbo-sociaal-werker\" target=\"_blank\" rel=\"noopener\">sociaal werker <\/a>&#8216;<\/em> , zegt Amy. <em>&#8216;Dat is een verkorte mbo opleiding. In 15 maanden haal ik mijn mbo diploma. Ik leer hoe ik mensen kan ondersteunen bij het vergroten van hun zelfredzaamheid. Tijdens de opleiding behandelen we alle belangrijke onderwerpen die ik straks nodig heb. Ik heb ook veel praktijk. Voorbeelden hiervan zijn: zijn vragen op het gebied van wonen en leefbaarheid, werk, opleiding en sociale relaties. Mijn opleiding<i> draait voornamelijk om de psychische gezondheid van de cli\u00ebnten waarmee ik werk. <\/i>Ik heb jarenlange ervaring in de gehandicaptenzorg, maar dat past eigenlijk niet meer.&#8217;<\/em><\/p>\n<h2>Hoe leer ik het beste? Combinatie van theorie en praktijk<\/h2>\n<p><em>&#8216;Ik ga \u00e9\u00e9n dag naar school, ik heb twee dagen praktijk en \u00e9\u00e9n dag krijg ik online les. <\/em><em>De stage doe ik bij een re-integratiebureau dat gespecialiseerd is het begeleiden van mensen met een verslaving. Wij helpen mensen terug de maatschappij in, &#8216;Recoverd2work&#8217;. <\/em><em>Dat vind ik soms moeilijk, maar wel erg interessant. Ik ben graag in contact met mensen. En ik heb dus ook veel contact met mensen. Op school kan ik dan vragen stellen over wat ik in de praktijk heb meegemaakt. En andersom, wat ik op school leer kan ik meteen in de praktijk brengen. De meeste opdrachten die ik krijg, zijn ook gericht op de stage. De ondersteunende vakken, we noemen dat de generieke vakken, doen we online: Nederlands, Engels en rekenen. En zo hoop ik in 15 maanden mijn mbo 4 diploma te halen.<\/em><\/p>\n<h2>Klik met de school en de mensen<\/h2>\n<p><em>&#8216;Naast de onderwijsvorm vind ik het ook belangrijk om een klik te hebben met de school en de mensen die er studeren en werken. Ik moet veel zelfstudie doen, maar als ik ergens niet uitkom kan ik om hulp vragen. Dan krijg ik heel veel steun. En ik merk dat mijn klasgenoten en ik ook enorm groeien van deze combinatie van theorie en praktijk.<\/em><br \/>\n<em>Ik heb nu echt weer de smaak van studeren te pakken, en uiteindelijk wil ik naar het hbo. Want mijn ideaal is om later mensen echt te kunnen coachen.<\/em>&#8216;<\/p>\n<h2>Hoe leer ik het beste? Mbo?<\/h2>\n<p>Haast elke opleiding kun je op verschillende niveaus doen. En dat kun je ook op verschillende manieren doen. Kies je voor een mbo opleiding, dan kun je kiezen voor een opleiding op een ROC of een particuliere, verkorte opleiding zoals Amy doet. Het mbo kun je op vier verschillende niveaus doen. En dan kun je nog kiezen voor een beroeps begeleidende leerweg, naast je baan (bbl), of een beroeps opleidende leerweg (bol), die bereidt je voor op je toekomstige baan. <a href=\"https:\/\/www.kiesmbo.nl\/\" target=\"_blank\" rel=\"noopener\">meer weten over mbo opleidingen.<\/a><\/p>\n<div id=\"attachment_3113\" style=\"width: 670px\" class=\"wp-caption aligncenter\"><a href=\"https:\/\/weblog.wur.nl\/studiekeuzekind\/wp-content\/uploads\/sites\/9\/2016\/09\/studenten-achter-computer_B.gif\"><img loading=\"lazy\" decoding=\"async\" aria-describedby=\"caption-attachment-3113\" class=\"wp-image-3113 size-full\" src=\"https:\/\/weblog.wur.nl\/studiekeuzekind\/wp-content\/uploads\/sites\/9\/2016\/09\/studenten-achter-computer_B.gif\" alt=\"Hoe leer ik het beste?\" width=\"660\" height=\"470\" \/><\/a><p id=\"caption-attachment-3113\" class=\"wp-caption-text\">Hoe leer ik het beste? Alleen? In een groep? Voornamelijk online? In de praktijk? Of leer ik het beste als ik vooral theoretisch bezig ben. Het gaat niet alleen om WAT je studeert maar ook om HOE je studeert&#8230;<\/p><\/div>\n<h2>Hoe leer ik het beste? Hbo? Wo?<\/h2>\n<p>Er is een &#8216;<a href=\"http:\/\/kiesmbo.nl\" target=\"_blank\" rel=\"noopener\">opzoeksite<\/a>&#8216; voor mbo opleidingen en een vergelijkbare site voor hbo en universitaire opleidingen. <a href=\"http:\/\/www.studiekeuze123.nl\" target=\"_blank\" rel=\"noopener\">meer weten over hoger onderwijs<\/a> Kies je voor een tweejarige hbo opleiding, dan volg je de opleiding <a href=\"https:\/\/weblog.wur.nl\/studiekeuzekind\/wat-is-een-associate-degree-en-voor-wie\/\" target=\"_blank\" rel=\"noopener\">associate degree<\/a>. Je kunt ook kiezen voor een vierjarige <a href=\"https:\/\/weblog.wur.nl\/studiekeuzekind\/wat-is-een-bacheloropleiding-precies\/\" target=\"_blank\" rel=\"noopener\">bacheloropleiding<\/a>. Zoek je door, dan vind je dat er ook op deze niveaus parttime en fulltime opleidingen zijn. Na je bacheloropleiding kun je nog een masteropleiding doen op het hbo.<br \/>\nOp de universiteit kun je ook een bacheloropleiding doen en ook een masteropleiding. Het grote <a href=\"https:\/\/weblog.wur.nl\/studiekeuzekind\/afspraken-tussen-hbo-en-universiteit-over-doorstroom\/\">verschil<\/a> met hbo is dat je op de universiteit opgeleid wordt tot wetenschapper. Op het hbo richt je je echt op je toekomstige beroep.<\/p>\n<p>Lees ook het verhaal van dierenverzorger <a href=\"https:\/\/weblog.wur.nl\/studiekeuzekind\/studeren-op-een-ander-niveau-het-kwam-niet-in-me-op\/\" target=\"_blank\" rel=\"noopener\">Thomas<\/a><\/p>\n","protected":false},"excerpt":{"rendered":"<p>Als ik Amy van der Plas ontmoet is zij 26 jaar. Ze doet een mbo opleiding. Best een klus, een opleiding als je al even niet naar school bent geweest. Ik vroeg haar hoe ze haar studiekeuze heeft gemaakt. &#8216;Ik vroeg me af&#8230; hoe leer ik het beste?&#8216;, zegt ze&#8230;.<\/p>\n","protected":false},"author":34,"featured_media":20005,"comment_status":"open","ping_status":"open","sticky":false,"template":"","format":"standard","meta":{"_acf_changed":false,"footnotes":""},"categories":[7],"tags":[],"class_list":["post-19993","post","type-post","status-publish","format-standard","has-post-thumbnail","hentry","category-studiekeuze"],"acf":[],"yoast_head":"<!-- This site is optimized with the Yoast SEO plugin v27.4 - https:\/\/yoast.com\/product\/yoast-seo-wordpress\/ -->\n<title>Hoe leer ik het beste? - Studiekeuzekind<\/title>\n<meta name=\"description\" content=\"Amy van der Plas is 26 jaar. Ze doet een mbo opleiding. Haar studiekeuze? &#039;Ik vroeg me af... hoe leer ik het beste?&#039;,\" \/>\n<meta name=\"robots\" content=\"index, follow, max-snippet:-1, max-image-preview:large, max-video-preview:-1\" \/>\n<link rel=\"canonical\" href=\"https:\/\/weblog.wur.nl\/studiekeuzekind\/hoe-leer-ik-het-beste\/\" \/>\n<meta property=\"og:locale\" content=\"nl_NL\" \/>\n<meta property=\"og:type\" content=\"article\" \/>\n<meta property=\"og:title\" content=\"Hoe leer ik het beste? - Studiekeuzekind\" \/>\n<meta property=\"og:description\" content=\"Amy van der Plas is 26 jaar. Ze doet een mbo opleiding. Haar studiekeuze? &#039;Ik vroeg me af... hoe leer ik het beste?&#039;,\" \/>\n<meta property=\"og:url\" content=\"https:\/\/weblog.wur.nl\/studiekeuzekind\/hoe-leer-ik-het-beste\/\" \/>\n<meta property=\"og:site_name\" content=\"Studiekeuzekind\" \/>\n<meta property=\"article:author\" content=\"https:\/\/www.facebook.com\/groups\/592769481121301\/\" \/>\n<meta property=\"article:published_time\" content=\"2023-12-22T13:05:50+00:00\" \/>\n<meta property=\"article:modified_time\" content=\"2023-12-22T13:06:38+00:00\" \/>\n<meta property=\"og:image\" content=\"https:\/\/weblog.wur.nl\/studiekeuzekind\/wp-content\/uploads\/sites\/9\/2023\/12\/amy2-scaled.jpg\" \/>\n\t<meta property=\"og:image:width\" content=\"1920\" \/>\n\t<meta property=\"og:image:height\" content=\"2560\" \/>\n\t<meta property=\"og:image:type\" content=\"image\/jpeg\" \/>\n<meta name=\"author\" content=\"Hermien Miltenburg\" \/>\n<meta name=\"twitter:card\" content=\"summary_large_image\" \/>\n<meta name=\"twitter:creator\" content=\"@Hermienm\" \/>\n<meta name=\"twitter:label1\" content=\"Geschreven door\" \/>\n\t<meta name=\"twitter:data1\" content=\"Hermien Miltenburg\" \/>\n\t<meta name=\"twitter:label2\" content=\"Geschatte leestijd\" \/>\n\t<meta name=\"twitter:data2\" content=\"5 minuten\" \/>\n<!-- \/ Yoast SEO plugin. -->","yoast_head_json":{"title":"Hoe leer ik het beste? - Studiekeuzekind","description":"Amy van der Plas is 26 jaar. Ze doet een mbo opleiding. Haar studiekeuze? 'Ik vroeg me af... hoe leer ik het beste?',","robots":{"index":"index","follow":"follow","max-snippet":"max-snippet:-1","max-image-preview":"max-image-preview:large","max-video-preview":"max-video-preview:-1"},"canonical":"https:\/\/weblog.wur.nl\/studiekeuzekind\/hoe-leer-ik-het-beste\/","og_locale":"nl_NL","og_type":"article","og_title":"Hoe leer ik het beste? - Studiekeuzekind","og_description":"Amy van der Plas is 26 jaar. Ze doet een mbo opleiding. Haar studiekeuze? 'Ik vroeg me af... hoe leer ik het beste?',","og_url":"https:\/\/weblog.wur.nl\/studiekeuzekind\/hoe-leer-ik-het-beste\/","og_site_name":"Studiekeuzekind","article_author":"https:\/\/www.facebook.com\/groups\/592769481121301\/","article_published_time":"2023-12-22T13:05:50+00:00","article_modified_time":"2023-12-22T13:06:38+00:00","og_image":[{"width":1920,"height":2560,"url":"https:\/\/weblog.wur.nl\/studiekeuzekind\/wp-content\/uploads\/sites\/9\/2023\/12\/amy2-scaled.jpg","type":"image\/jpeg"}],"author":"Hermien Miltenburg","twitter_card":"summary_large_image","twitter_creator":"@Hermienm","twitter_misc":{"Geschreven door":"Hermien Miltenburg","Geschatte leestijd":"5 minuten"},"schema":{"@context":"https:\/\/schema.org","@graph":[{"@type":"Article","@id":"https:\/\/weblog.wur.nl\/studiekeuzekind\/hoe-leer-ik-het-beste\/#article","isPartOf":{"@id":"https:\/\/weblog.wur.nl\/studiekeuzekind\/hoe-leer-ik-het-beste\/"},"author":{"name":"Hermien Miltenburg","@id":"https:\/\/weblog.wur.nl\/studiekeuzekind\/#\/schema\/person\/a1e2eb6d7ea902347df0bc80df160fc8"},"headline":"Hoe leer ik het beste?","datePublished":"2023-12-22T13:05:50+00:00","dateModified":"2023-12-22T13:06:38+00:00","mainEntityOfPage":{"@id":"https:\/\/weblog.wur.nl\/studiekeuzekind\/hoe-leer-ik-het-beste\/"},"wordCount":815,"commentCount":0,"image":{"@id":"https:\/\/weblog.wur.nl\/studiekeuzekind\/hoe-leer-ik-het-beste\/#primaryimage"},"thumbnailUrl":"https:\/\/weblog.wur.nl\/studiekeuzekind\/wp-content\/uploads\/sites\/9\/2023\/12\/amy2-scaled.jpg","articleSection":["Studiekeuze"],"inLanguage":"nl-NL","potentialAction":[{"@type":"CommentAction","name":"Comment","target":["https:\/\/weblog.wur.nl\/studiekeuzekind\/hoe-leer-ik-het-beste\/#respond"]}]},{"@type":"WebPage","@id":"https:\/\/weblog.wur.nl\/studiekeuzekind\/hoe-leer-ik-het-beste\/","url":"https:\/\/weblog.wur.nl\/studiekeuzekind\/hoe-leer-ik-het-beste\/","name":"Hoe leer ik het beste? - Studiekeuzekind","isPartOf":{"@id":"https:\/\/weblog.wur.nl\/studiekeuzekind\/#website"},"primaryImageOfPage":{"@id":"https:\/\/weblog.wur.nl\/studiekeuzekind\/hoe-leer-ik-het-beste\/#primaryimage"},"image":{"@id":"https:\/\/weblog.wur.nl\/studiekeuzekind\/hoe-leer-ik-het-beste\/#primaryimage"},"thumbnailUrl":"https:\/\/weblog.wur.nl\/studiekeuzekind\/wp-content\/uploads\/sites\/9\/2023\/12\/amy2-scaled.jpg","datePublished":"2023-12-22T13:05:50+00:00","dateModified":"2023-12-22T13:06:38+00:00","author":{"@id":"https:\/\/weblog.wur.nl\/studiekeuzekind\/#\/schema\/person\/a1e2eb6d7ea902347df0bc80df160fc8"},"description":"Amy van der Plas is 26 jaar. Ze doet een mbo opleiding. Haar studiekeuze? 'Ik vroeg me af... hoe leer ik het beste?',","breadcrumb":{"@id":"https:\/\/weblog.wur.nl\/studiekeuzekind\/hoe-leer-ik-het-beste\/#breadcrumb"},"inLanguage":"nl-NL","potentialAction":[{"@type":"ReadAction","target":["https:\/\/weblog.wur.nl\/studiekeuzekind\/hoe-leer-ik-het-beste\/"]}]},{"@type":"ImageObject","inLanguage":"nl-NL","@id":"https:\/\/weblog.wur.nl\/studiekeuzekind\/hoe-leer-ik-het-beste\/#primaryimage","url":"https:\/\/weblog.wur.nl\/studiekeuzekind\/wp-content\/uploads\/sites\/9\/2023\/12\/amy2-scaled.jpg","contentUrl":"https:\/\/weblog.wur.nl\/studiekeuzekind\/wp-content\/uploads\/sites\/9\/2023\/12\/amy2-scaled.jpg","width":1920,"height":2560,"caption":"Amy van der Plas"},{"@type":"BreadcrumbList","@id":"https:\/\/weblog.wur.nl\/studiekeuzekind\/hoe-leer-ik-het-beste\/#breadcrumb","itemListElement":[{"@type":"ListItem","position":1,"name":"Home","item":"https:\/\/weblog.wur.nl\/studiekeuzekind\/"},{"@type":"ListItem","position":2,"name":"Hoe leer ik het beste?"}]},{"@type":"WebSite","@id":"https:\/\/weblog.wur.nl\/studiekeuzekind\/#website","url":"https:\/\/weblog.wur.nl\/studiekeuzekind\/","name":"Studiekeuzekind","description":"Blog over studiekeuze en succesvol studeren en de rol van ouders hierbij.","potentialAction":[{"@type":"SearchAction","target":{"@type":"EntryPoint","urlTemplate":"https:\/\/weblog.wur.nl\/studiekeuzekind\/?s={search_term_string}"},"query-input":{"@type":"PropertyValueSpecification","valueRequired":true,"valueName":"search_term_string"}}],"inLanguage":"nl-NL"},{"@type":"Person","@id":"https:\/\/weblog.wur.nl\/studiekeuzekind\/#\/schema\/person\/a1e2eb6d7ea902347df0bc80df160fc8","name":"Hermien Miltenburg","image":{"@type":"ImageObject","inLanguage":"nl-NL","@id":"https:\/\/weblog.wur.nl\/studiekeuzekind\/wp-content\/uploads\/sites\/9\/2019\/06\/hermien-miltenburg-150x150.gif","url":"https:\/\/weblog.wur.nl\/studiekeuzekind\/wp-content\/uploads\/sites\/9\/2019\/06\/hermien-miltenburg-150x150.gif","contentUrl":"https:\/\/weblog.wur.nl\/studiekeuzekind\/wp-content\/uploads\/sites\/9\/2019\/06\/hermien-miltenburg-150x150.gif","caption":"Hermien Miltenburg"},"description":"Ik ben oudervoorlichter en docent Nederlands. Mijn loopbaan ben ik begonnen als docent geschiedenis en docent Nederlands. Later heb ik een opleiding tot sr. communicatieadviseur gevolgd. Ondanks mijn onderwijsachtergrond vond ik het lastig mijn kinderen te coachen bij studiekeuze. Dat was het begin van me verdiepen in de rol van ouders tijdens het studiekeuzeproces en in het eerste studiejaar. Kennis en ervaring die ik graag doorgeef.","sameAs":["http:\/\/www.studiekeuzekind.nl","https:\/\/www.facebook.com\/groups\/592769481121301\/","https:\/\/www.linkedin.com\/in\/hermienmiltenburg?authType=NAME_SEARCH&authToken=spsr&locale=nl_NL&trk=tyah&trkInfo=clickedVerticalmynetworkclickedEntityId35039047authTypeNAME_SEARCHidx1-1-1tarId1453113422838tashermi","https:\/\/x.com\/Hermienm"],"url":"https:\/\/weblog.wur.nl\/studiekeuzekind\/author\/milte002\/"}]}},"amp_enabled":true,"_links":{"self":[{"href":"https:\/\/weblog.wur.nl\/studiekeuzekind\/wp-json\/wp\/v2\/posts\/19993","targetHints":{"allow":["GET"]}}],"collection":[{"href":"https:\/\/weblog.wur.nl\/studiekeuzekind\/wp-json\/wp\/v2\/posts"}],"about":[{"href":"https:\/\/weblog.wur.nl\/studiekeuzekind\/wp-json\/wp\/v2\/types\/post"}],"author":[{"embeddable":true,"href":"https:\/\/weblog.wur.nl\/studiekeuzekind\/wp-json\/wp\/v2\/users\/34"}],"replies":[{"embeddable":true,"href":"https:\/\/weblog.wur.nl\/studiekeuzekind\/wp-json\/wp\/v2\/comments?post=19993"}],"version-history":[{"count":8,"href":"https:\/\/weblog.wur.nl\/studiekeuzekind\/wp-json\/wp\/v2\/posts\/19993\/revisions"}],"predecessor-version":[{"id":20006,"href":"https:\/\/weblog.wur.nl\/studiekeuzekind\/wp-json\/wp\/v2\/posts\/19993\/revisions\/20006"}],"wp:featuredmedia":[{"embeddable":true,"href":"https:\/\/weblog.wur.nl\/studiekeuzekind\/wp-json\/wp\/v2\/media\/20005"}],"wp:attachment":[{"href":"https:\/\/weblog.wur.nl\/studiekeuzekind\/wp-json\/wp\/v2\/media?parent=19993"}],"wp:term":[{"taxonomy":"category","embeddable":true,"href":"https:\/\/weblog.wur.nl\/studiekeuzekind\/wp-json\/wp\/v2\/categories?post=19993"},{"taxonomy":"post_tag","embeddable":true,"href":"https:\/\/weblog.wur.nl\/studiekeuzekind\/wp-json\/wp\/v2\/tags?post=19993"}],"curies":[{"name":"wp","href":"https:\/\/api.w.org\/{rel}","templated":true}]}}